{"id":1460,"date":"2015-11-24T14:56:31","date_gmt":"2015-11-24T16:56:31","guid":{"rendered":"http:\/\/www.grupodabencao.org.br\/site\/?p=1460"},"modified":"2015-11-24T14:56:31","modified_gmt":"2015-11-24T16:56:31","slug":"desvinculacoes-espirituais","status":"publish","type":"post","link":"https:\/\/www.grupodabencao.org.br\/site\/desvinculacoes-espirituais\/","title":{"rendered":"DESVINCULA\u00c7\u00d5ES ESPIRITUAIS"},"content":{"rendered":"<p style=\"text-align: justify;\">Companheiros de jornada evolutiva na terra: Deus nos harmonize para a viv\u00eancia de suas Leis Eternas!<\/p>\n<p style=\"text-align: justify;\">Vincular-se \u00e9 necessidade imperiosa no plano da vida que segue dos elementos mais simples aos apogeus da angelitude, formando as incont\u00e1veis condi\u00e7\u00f5es de aprendizado e depura\u00e7\u00e3o que podemos identificar no cosmos.<\/p>\n<p style=\"text-align: justify;\">\u00c9 por efeito das vincula\u00e7\u00f5es que ilustramos nossa mente, para o exerc\u00edcio da imortalidade gloriosa.<\/p>\n<p style=\"text-align: justify;\">Mas, se o v\u00ednculo \u2013 seja com os elementos da mat\u00e9ria, seja com os seres e suas express\u00f5es intelecto-morais \u2013 representa um passo significativo do progresso, a chamada \u201cdesvincula\u00e7\u00e3o\u201d expressa o real poder do indiv\u00edduo, pois quando volunt\u00e1ria e consciente, atesta a autoridade de quem entrou, fixou e saiu, para avan\u00e7ar mais preparado moralmente pelas estradas do universo infinito.<\/p>\n<p style=\"text-align: justify;\">H\u00e1 incont\u00e1veis meios de se operar as desvincula\u00e7\u00f5es e a sabedoria da vida tem determinado as \u201cquebras\u201d vibrat\u00f3rias, \u00e0s vezes de modo traum\u00e1tico, para que reflex\u00f5es graves e dolorosas tenham vez no \u00edntimo dos seres em evolu\u00e7\u00e3o.<\/p>\n<p style=\"text-align: justify;\">Perda de entes queridos; gesta\u00e7\u00f5es frustradas; deser\u00e7\u00f5es afetivas; rejei\u00e7\u00f5es grosseiras; desentendimentos nas rela\u00e7\u00f5es fomentadas por entidades inferiores; enfermidades inesperadas; quebra financeira; subjuga\u00e7\u00e3o intelectual e moral; mas, tamb\u00e9m, a a\u00e7\u00e3o da prece renovando possibilidades; incurs\u00e3o da mente em temas de vida mais alta; conviv\u00eancia de melhor n\u00edvel, quando exemplos nobres despertam cora\u00e7\u00f5es e um sem n\u00famero de recursos na Terra e do Al\u00e9m, que podem fomentar o despertamento da alma, por mais ela esteja subjugada e presa a temas e seres do mundo inferior.<\/p>\n<p style=\"text-align: justify;\">Chega para n\u00f3s, as almas desta grande escola chamada Terra, o instante da compreens\u00e3o do mecanismo justo e ao mesmo tempo misericordioso da Provid\u00eancia Divina, e \u00e9 nesse momento que sentimos a presen\u00e7a do amor de Deus, mesmo quando uma bomba estoure e fira mortalmente uma criatura, para que ela amadure\u00e7a concep\u00e7\u00f5es, ou quando, ouvindo a melodia de um p\u00e1ssaro canoro, ela se eleve aos p\u00e1ramos da Luz!<\/p>\n<p style=\"text-align: justify;\">Desvincula\u00e7\u00e3o \u00e9 sin\u00f4nimo da ressurei\u00e7\u00e3o evang\u00e9lica, porque, resumindo a li\u00e7\u00e3o da experi\u00eancia vivida, projeta a criatura a novos patamares de vida e luz interiores!<\/p>\n<p style=\"text-align: justify;\">Votos de alegria e paz!<\/p>\n<p style=\"text-align: center;\"><strong>LE\u00c3O Z\u00c1LIO<\/strong><\/p>\n<p><em>(Mensagem psicografada pelo m\u00e9dium Wagner G. Paix\u00e3o durante reuni\u00e3o p\u00fablica do Grupo Esp\u00edrita da B\u00ean\u00e7\u00e3o, no dia 31 de outubro de 2015, em M\u00e1rio Campos, MG)<\/em><\/p>\n","protected":false},"excerpt":{"rendered":"<p>Companheiros de jornada evolutiva na terra: Deus nos harmonize para a viv\u00eancia de suas Leis Eternas! Vincular-se \u00e9 necessidade imperiosa no plano da vida que segue dos elementos mais simples aos apogeus da angelitude, formando as incont\u00e1veis condi\u00e7\u00f5es de aprendizado e depura\u00e7\u00e3o que podemos identificar no cosmos. \u00c9 por efeito das vincula\u00e7\u00f5es que ilustramos nossa [&hellip;]<\/p>\n","protected":false},"author":1,"featured_media":0,"comment_status":"closed","ping_status":"closed","sticky":false,"template":"","format":"standard","meta":{"ngg_post_thumbnail":0,"footnotes":""},"categories":[36],"tags":[],"class_list":["post-1460","post","type-post","status-publish","format-standard","hentry","category-outros-autores"],"_links":{"self":[{"href":"https:\/\/www.grupodabencao.org.br\/site\/wp-json\/wp\/v2\/posts\/1460","targetHints":{"allow":["GET"]}}],"collection":[{"href":"https:\/\/www.grupodabencao.org.br\/site\/wp-json\/wp\/v2\/posts"}],"about":[{"href":"https:\/\/www.grupodabencao.org.br\/site\/wp-json\/wp\/v2\/types\/post"}],"author":[{"embeddable":true,"href":"https:\/\/www.grupodabencao.org.br\/site\/wp-json\/wp\/v2\/users\/1"}],"replies":[{"embeddable":true,"href":"https:\/\/www.grupodabencao.org.br\/site\/wp-json\/wp\/v2\/comments?post=1460"}],"version-history":[{"count":1,"href":"https:\/\/www.grupodabencao.org.br\/site\/wp-json\/wp\/v2\/posts\/1460\/revisions"}],"predecessor-version":[{"id":1461,"href":"https:\/\/www.grupodabencao.org.br\/site\/wp-json\/wp\/v2\/posts\/1460\/revisions\/1461"}],"wp:attachment":[{"href":"https:\/\/www.grupodabencao.org.br\/site\/wp-json\/wp\/v2\/media?parent=1460"}],"wp:term":[{"taxonomy":"category","embeddable":true,"href":"https:\/\/www.grupodabencao.org.br\/site\/wp-json\/wp\/v2\/categories?post=1460"},{"taxonomy":"post_tag","embeddable":true,"href":"https:\/\/www.grupodabencao.org.br\/site\/wp-json\/wp\/v2\/tags?post=1460"}],"curies":[{"name":"wp","href":"https:\/\/api.w.org\/{rel}","templated":true}]}}